{"id":3996,"date":"2024-06-17T16:16:28","date_gmt":"2024-06-17T13:16:28","guid":{"rendered":"https:\/\/iickiev.esteri.it\/?p=3996"},"modified":"2024-06-17T16:28:51","modified_gmt":"2024-06-17T13:28:51","slug":"perle-italiane-ad-odessa-concerto-dedicato-al-78-anniversario-della-proclamazione-della-repubblica-italiana","status":"publish","type":"post","link":"https:\/\/iickiev.esteri.it\/it\/news\/dall_istituto\/2024\/06\/perle-italiane-ad-odessa-concerto-dedicato-al-78-anniversario-della-proclamazione-della-repubblica-italiana\/","title":{"rendered":"\u00abPerle italiane\u00bb ad Odessa: Concerto dedicato al 78\u00b0 Anniversario della proclamazione della Repubblica Italiana"},"content":{"rendered":"<p style=\"text-align: justify;\">Sabato 8 giugno ad Odessa presso il prestigioso Teatro dell\u2019Opera e del Balletto si \u00e8 tenuto un Concerto di arie d\u2019opera italiane, organizzato dal Teatro dell&#8217;Opera di Odessa, dal Consolato Onorario di Odessa, dalla Opera Production di Enrico Copede&#8217; insieme all&#8217;Istituto Italiano di Cultura di Kiev e all\u2019Ambasciata d\u2019Italia in Ucraina.<\/p>\n<p style=\"text-align: justify;\">Nella Conferenza stampa l\u2019Ambasciatore d\u2019Italia in Ucraina Pier Francesco Zazo ha ringraziato gli organizzatori in particolare il personale direttivo del Teatro dell&#8217;Opera di Odessa. L\u2019Ambasciatore ha ricordato l\u2019importanza di Odessa come centro culturale di primo piano non solo per l\u2019Ucraina ma per tutto il panorama culturale e artistico europeo. Ha ribadito anche il legame profondo con l\u2019Italia, il gemellaggio con le citt\u00e0 di Genova e Venezia, il Patronato italiano sulla Citt\u00e0 e le iniziative di cooperazione del Governo italiano per la salvaguardia del Patrimonio storico-artistico della Citt\u00e0.<\/p>\n<p style=\"text-align: justify;\">Il Concerto, di alto livello, ha visto la presenza oltre al Direttore d\u2019orchestra locale Igor Chernetski, anche del Direttore d&#8217;orchestra giapponese Hirofumi Yoshida, Direttore ospite principale del Teatro di Odessa e gi\u00e0 Direttore artistico del Teatro di Bologna e attualmente Direttore musicale della Filarmonica del Teatro di Modena. Insieme agli artisti e musicisti ucraini ha cantato anche il tenore italiano Alberto Profeta arrivato in Ucraina grazie all\u2019intervento della societ\u00e0 Opera Production e di Enrico Copede\u2019 con il sostegno dell\u2019Istituto Italiano di Cultura di Kiev. Sono state eseguite le arie d\u2019opera di Puccini, Donizetti, Verdi, Rossini, Mascagni celebrando la musica e la cultura italiana proprio ad Odessa, dove la tradizione vuole sia stata composta la famosa canzone \u201cO Sole Mio\u201d di Eduardo Di Capua. Proprio questa canzone ha chiuso il concerto tra gli applausi del pubblico.<\/p>\n<p style=\"text-align: justify;\">Prima del concerto, il Direttore dell\u2019IIC Kiev ha illustrato le iniziative e le collaborazioni in programma o in via di progettazione tra l&#8217;istituto Italiano di Cultura di Kiev, il Consolato Onorario d\u2019Italia a Odessa e il Teatro dell&#8217;Opera di Odessa, (tra cui il progetto che prevede di coinvolgere IIC, Accademia di Brera di Milano e artisti italiani) per la realizzazione dello Spettacolo Gianni Schicchi e Suor Angelica in programma per la fine del 2024, messe in scena per la prima volta in Ucraina.<\/p>\n<p style=\"text-align: justify;\">L\u2019evento e le iniziative collegate hanno mostrato ancora una volta il sostegno e il supporto dell\u2019Ambasciata d\u2019Italia in Ucraina, dell&#8217;Istituto Italiano di Cultura di Kiev e del Consolato Onorario alla Citt\u00e0 di Odessa, colpita quotidianamente dagli attacchi russi e all\u2019Ucraina intera, rafforzando ancora di pi\u00f9 l\u2019amicizia e la cooperazione culturale tra i nostri due paesi.<\/p>\n","protected":false},"excerpt":{"rendered":"Sabato 8 giugno ad Odessa presso il prestigioso Teatro dell\u2019Opera e del Balletto si \u00e8 tenuto un Concerto di arie d\u2019opera italiane, organizzato dal Teatro dell&#8217;Opera di Odessa, dal Consolato Onorario di Odessa, dalla Opera Production di Enrico Copede&#8217; insieme all&#8217;Istituto Italiano di Cultura di Kiev e all\u2019Ambasciata d\u2019Italia in Ucraina. Nella Conferenza stampa l\u2019Ambasciatore [&hellip;]","protected":false},"author":3,"featured_media":4015,"comment_status":"closed","ping_status":"closed","sticky":false,"template":"","format":"standard","meta":{"footnotes":""},"tags":[],"class_list":["post-3996","post","type-post","status-publish","format-standard","has-post-thumbnail","hentry"],"_links":{"self":[{"href":"https:\/\/iickiev.esteri.it\/it\/wp-json\/wp\/v2\/posts\/3996","targetHints":{"allow":["GET"]}}],"collection":[{"href":"https:\/\/iickiev.esteri.it\/it\/wp-json\/wp\/v2\/posts"}],"about":[{"href":"https:\/\/iickiev.esteri.it\/it\/wp-json\/wp\/v2\/types\/post"}],"author":[{"embeddable":true,"href":"https:\/\/iickiev.esteri.it\/it\/wp-json\/wp\/v2\/users\/3"}],"replies":[{"embeddable":true,"href":"https:\/\/iickiev.esteri.it\/it\/wp-json\/wp\/v2\/comments?post=3996"}],"version-history":[{"count":3,"href":"https:\/\/iickiev.esteri.it\/it\/wp-json\/wp\/v2\/posts\/3996\/revisions"}],"predecessor-version":[{"id":4500,"href":"https:\/\/iickiev.esteri.it\/it\/wp-json\/wp\/v2\/posts\/3996\/revisions\/4500"}],"wp:featuredmedia":[{"embeddable":true,"href":"https:\/\/iickiev.esteri.it\/it\/wp-json\/wp\/v2\/media\/4015"}],"wp:attachment":[{"href":"https:\/\/iickiev.esteri.it\/it\/wp-json\/wp\/v2\/media?parent=3996"}],"wp:term":[{"taxonomy":"post_tag","embeddable":true,"href":"https:\/\/iickiev.esteri.it\/it\/wp-json\/wp\/v2\/tags?post=3996"}],"curies":[{"name":"wp","href":"https:\/\/api.w.org\/{rel}","templated":true}]}}