{"id":4688,"date":"2025-03-03T14:20:03","date_gmt":"2025-03-03T12:20:03","guid":{"rendered":"https:\/\/iickiev.esteri.it\/?p=4688"},"modified":"2025-07-11T10:44:21","modified_gmt":"2025-07-11T07:44:21","slug":"design-contest-2025","status":"publish","type":"post","link":"https:\/\/iickiev.esteri.it\/it\/news\/dall_istituto\/2025\/03\/design-contest-2025\/","title":{"rendered":"Design Contest 2025"},"content":{"rendered":"<p><strong>L\u2019Istituto Italiano di Cultura presso l\u2019Ambasciata d\u2019Italia in Ucraina, in occasione dell\u2019Italian Design Day 2025 annuncia il concorso dal titolo \u201cOggetti di design urbano o domestico per l\u2019inclusione, la disabilit\u00e0 e la sostenibilit\u00e0\u201d.<\/strong><\/p>\n<p><strong>Regolamento:<\/strong><\/p>\n<p>I partecipanti avranno l\u2019opportunit\u00e0 di sottoporre ad una giuria internazionale i disegni\/progetti dedicati alla tematica dell\u2019IDD 2025. Il progetto dovr\u00e0 includere delle caratteristiche di unicit\u00e0, eco-sostenibilit\u00e0, estetica e funzionalit\u00e0.<\/p>\n<p><strong>Periodo: <\/strong><\/p>\n<p>Inizio del concorso: 1 marzo 2025.<\/p>\n<p>Consegna dei progetti: entro il 30 aprile 2025.<\/p>\n<p>Premiazione: Giugno 2025.<\/p>\n<p><strong>Area geografica:<\/strong><\/p>\n<p>Concorso indetto nel territorio nazionale dell\u2019Ucraina.<\/p>\n<p><strong>Destinatari:<\/strong><\/p>\n<p>Studenti di architettura e di design, attualmente iscritti alle universit\u00e0 ucraine con cittadinanza ucraina.<\/p>\n<p><strong>Modalit\u00e0:<\/strong><\/p>\n<p><strong>1<\/strong> &#8211; Scaricare il modulo di partecipazione in PDF presente nel sito web <a href=\"https:\/\/iickiev.esteri.it\/iic_kiev\/it\/\">dell\u2019Istituto Italiano di Cultura di Kiev<\/a> oppure sul suo profilo <a href=\"https:\/\/www.facebook.com\/IstitutoculturaKiev\/?locale=it_IT\">Facebook ufficiale<\/a>.<\/p>\n<p><strong>2<\/strong> \u2013 Compilare ed accettare le istruzioni presenti nel <a href=\"https:\/\/iickiev.esteri.it\/wp-content\/uploads\/2025\/03\/%D0%91%D0%BB%D0%B0%D0%BD%D0%BA-%D0%B7%D0%B0%D1%8F%D0%B2%D0%B8-%D0%BD%D0%B0-%D1%83%D1%87%D0%B0%D1%81%D1%82%D1%8C-%D1%83-%D0%BA%D0%BE%D0%BD%D0%BA%D1%83%D1%80%D1%81%D1%96-%D0%86%D0%94%D0%94-2025-1.pdf\">modulo<\/a>.<\/p>\n<p><strong>3<\/strong> \u2013 Inviare il progetto alla e-mail istitutoculturakyiv@gmail.com<\/p>\n<p><strong>Premi:<\/strong><\/p>\n<p>Il vincitore sar\u00e0 proclamato e premiato nel mese di Giugno 2025.<\/p>\n<p>Tutti i disegni ricevuti verranno pubblicati sul profilo Facebook dell\u2019Istituto Italiano di Cultura di Kyiv e i tre finalisti prescelti riceveranno un diploma di merito e partecipazione con menzione sui socials del medesimo Istituto e dei partecipanti alla giuria.<\/p>\n","protected":false},"excerpt":{"rendered":"L\u2019Istituto Italiano di Cultura presso l\u2019Ambasciata d\u2019Italia in Ucraina, in occasione dell\u2019Italian Design Day 2025 annuncia il concorso dal titolo \u201cOggetti di design urbano o domestico per l\u2019inclusione, la disabilit\u00e0 e la sostenibilit\u00e0\u201d. Regolamento: I partecipanti avranno l\u2019opportunit\u00e0 di sottoporre ad una giuria internazionale i disegni\/progetti dedicati alla tematica dell\u2019IDD 2025. Il progetto dovr\u00e0 includere [&hellip;]","protected":false},"author":3,"featured_media":4692,"comment_status":"closed","ping_status":"closed","sticky":false,"template":"","format":"standard","meta":{"footnotes":""},"tags":[8],"class_list":["post-4688","post","type-post","status-publish","format-standard","has-post-thumbnail","hentry","tag-italian-desing-day"],"_links":{"self":[{"href":"https:\/\/iickiev.esteri.it\/it\/wp-json\/wp\/v2\/posts\/4688","targetHints":{"allow":["GET"]}}],"collection":[{"href":"https:\/\/iickiev.esteri.it\/it\/wp-json\/wp\/v2\/posts"}],"about":[{"href":"https:\/\/iickiev.esteri.it\/it\/wp-json\/wp\/v2\/types\/post"}],"author":[{"embeddable":true,"href":"https:\/\/iickiev.esteri.it\/it\/wp-json\/wp\/v2\/users\/3"}],"replies":[{"embeddable":true,"href":"https:\/\/iickiev.esteri.it\/it\/wp-json\/wp\/v2\/comments?post=4688"}],"version-history":[{"count":4,"href":"https:\/\/iickiev.esteri.it\/it\/wp-json\/wp\/v2\/posts\/4688\/revisions"}],"predecessor-version":[{"id":4721,"href":"https:\/\/iickiev.esteri.it\/it\/wp-json\/wp\/v2\/posts\/4688\/revisions\/4721"}],"wp:featuredmedia":[{"embeddable":true,"href":"https:\/\/iickiev.esteri.it\/it\/wp-json\/wp\/v2\/media\/4692"}],"wp:attachment":[{"href":"https:\/\/iickiev.esteri.it\/it\/wp-json\/wp\/v2\/media?parent=4688"}],"wp:term":[{"taxonomy":"post_tag","embeddable":true,"href":"https:\/\/iickiev.esteri.it\/it\/wp-json\/wp\/v2\/tags?post=4688"}],"curies":[{"name":"wp","href":"https:\/\/api.w.org\/{rel}","templated":true}]}}